{"id":9184,"date":"2023-04-28T10:11:05","date_gmt":"2023-04-28T08:11:05","guid":{"rendered":"https:\/\/spectro-uvex.tech\/?p=9184"},"modified":"2024-04-09T22:59:50","modified_gmt":"2024-04-09T20:59:50","slug":"qui-sommes-nous","status":"publish","type":"post","link":"https:\/\/spectro-uvex.tech\/?p=9184","title":{"rendered":"Qui sommes nous?"},"content":{"rendered":"\t\t<div data-elementor-type=\"wp-post\" data-elementor-id=\"9184\" class=\"elementor elementor-9184\">\n\t\t\t\t\t\t<section class=\"elementor-section elementor-top-section elementor-element elementor-element-fe96d78 elementor-section-boxed elementor-section-height-default elementor-section-height-default\" data-id=\"fe96d78\" data-element_type=\"section\">\n\t\t\t\t\t\t<div class=\"elementor-container elementor-column-gap-default\">\n\t\t\t\t\t<div class=\"elementor-column elementor-col-50 elementor-top-column elementor-element elementor-element-bcce146\" data-id=\"bcce146\" data-element_type=\"column\">\n\t\t\t<div class=\"elementor-widget-wrap elementor-element-populated\">\n\t\t\t\t\t\t<div class=\"elementor-element elementor-element-7227f0d elementor-widget elementor-widget-text-editor\" data-id=\"7227f0d\" data-element_type=\"widget\" data-widget_type=\"text-editor.default\">\n\t\t\t\t<div class=\"elementor-widget-container\">\n\t\t\t\t\t\t\t\t\t<p>\u00ab\u00a0je suis passionn\u00e9 d&rsquo;astronomie depuis l&rsquo;\u00e2ge de 10 ans environ, et je vais r\u00e9sumer ma \u00ab\u00a0vie\u00a0\u00bb de 65 ans pour l&rsquo;instant&#8230;. dans ces quelques phrases. Je m&rsquo;appelle Alain Lopez , depuis quelques ann\u00e9es \u00e0 la retraite (bien m\u00e9rit\u00e9e) je fais partie du groupe les Nice People (petite \u00e9quipe de copains de la r\u00e9gion de Nice-France). je suis pass\u00e9 de simple observateur \u00e0 la CCD et enfin \u00e0 la Spectroscopie, ce qui s&rsquo;est finalis\u00e9 par un projet concret l&rsquo;UVEX . Le spectroscope abordable fabriqu\u00e9 en 3D sous l&rsquo;impulsion de notre ami Christian Buil. Dans ce projet innovateur, je m&rsquo;occupe de la partie \u00e9lectronique \u00e9tant donn\u00e9 que ma carri\u00e8re \u00e9tait aussi dans ce domaine. J&rsquo;ai aussi eu la chance de passer de Paris \u00e0 venir vivre sur la C\u00f4te d&rsquo;Azur en famille \u00e0 l&rsquo;\u00e2ge de 15 ans pour finir mes \u00e9tudes d&rsquo;\u00e9lectronique (IUT \u00e0 Nice). J&rsquo;esp\u00e8re continuer dans ma passion et aussi profiter de la vie au maximum avec ma femme .La famille est tr\u00e8s importante pour moi, ainsi que les bons amis de longues dates. Bonne sant\u00e9 et bonne passion \u00e0 tous, cordialement\u00a0<\/p><p>Alain.<\/p>\t\t\t\t\t\t\t\t<\/div>\n\t\t\t\t<\/div>\n\t\t\t\t\t<\/div>\n\t\t<\/div>\n\t\t\t\t<div class=\"elementor-column elementor-col-50 elementor-top-column elementor-element elementor-element-14aee48\" data-id=\"14aee48\" data-element_type=\"column\">\n\t\t\t<div class=\"elementor-widget-wrap elementor-element-populated\">\n\t\t\t\t\t\t<div class=\"elementor-element elementor-element-1c8bf5a elementor-widget elementor-widget-image\" data-id=\"1c8bf5a\" data-element_type=\"widget\" data-widget_type=\"image.default\">\n\t\t\t\t<div class=\"elementor-widget-container\">\n\t\t\t\t\t\t\t\t\t\t\t\t<figure class=\"wp-caption\">\n\t\t\t\t\t\t\t\t\t\t<img decoding=\"async\" src=\"https:\/\/spectro-uvex.tech\/wp-content\/uploads\/2023\/04\/alain.jpg\" title=\"alain\" alt=\"Alain Lopez.\" loading=\"lazy\" \/>\t\t\t\t\t\t\t\t\t\t\t<figcaption class=\"widget-image-caption wp-caption-text\">Alain Lopez.<\/figcaption>\n\t\t\t\t\t\t\t\t\t\t<\/figure>\n\t\t\t\t\t\t\t\t\t<\/div>\n\t\t\t\t<\/div>\n\t\t\t\t\t<\/div>\n\t\t<\/div>\n\t\t\t\t\t<\/div>\n\t\t<\/section>\n\t\t\t\t<section class=\"elementor-section elementor-top-section elementor-element elementor-element-3b7a597 elementor-section-boxed elementor-section-height-default elementor-section-height-default\" data-id=\"3b7a597\" data-element_type=\"section\">\n\t\t\t\t\t\t<div class=\"elementor-container elementor-column-gap-default\">\n\t\t\t\t\t<div class=\"elementor-column elementor-col-50 elementor-top-column elementor-element elementor-element-cd8f36f\" data-id=\"cd8f36f\" data-element_type=\"column\">\n\t\t\t<div class=\"elementor-widget-wrap elementor-element-populated\">\n\t\t\t\t\t\t<div class=\"elementor-element elementor-element-db9e94d elementor-widget elementor-widget-image\" data-id=\"db9e94d\" data-element_type=\"widget\" data-widget_type=\"image.default\">\n\t\t\t\t<div class=\"elementor-widget-container\">\n\t\t\t\t\t\t\t\t\t\t\t\t<figure class=\"wp-caption\">\n\t\t\t\t\t\t\t\t\t\t<img fetchpriority=\"high\" decoding=\"async\" width=\"1024\" height=\"1024\" src=\"https:\/\/spectro-uvex.tech\/wp-content\/uploads\/2023\/04\/steph-1024x1024.jpg\" class=\"attachment-large size-large wp-image-9727\" alt=\"\" srcset=\"https:\/\/spectro-uvex.tech\/wp-content\/uploads\/2023\/04\/steph-1024x1024.jpg 1024w, https:\/\/spectro-uvex.tech\/wp-content\/uploads\/2023\/04\/steph-100x100.jpg 100w, https:\/\/spectro-uvex.tech\/wp-content\/uploads\/2023\/04\/steph-600x600.jpg 600w, https:\/\/spectro-uvex.tech\/wp-content\/uploads\/2023\/04\/steph-300x300.jpg 300w, https:\/\/spectro-uvex.tech\/wp-content\/uploads\/2023\/04\/steph-150x150.jpg 150w, https:\/\/spectro-uvex.tech\/wp-content\/uploads\/2023\/04\/steph-768x768.jpg 768w, https:\/\/spectro-uvex.tech\/wp-content\/uploads\/2023\/04\/steph-1536x1536.jpg 1536w, https:\/\/spectro-uvex.tech\/wp-content\/uploads\/2023\/04\/steph.jpg 2048w\" sizes=\"(max-width: 1024px) 100vw, 1024px\" \/>\t\t\t\t\t\t\t\t\t\t\t<figcaption class=\"widget-image-caption wp-caption-text\"><\/figcaption>\n\t\t\t\t\t\t\t\t\t\t<\/figure>\n\t\t\t\t\t\t\t\t\t<\/div>\n\t\t\t\t<\/div>\n\t\t\t\t\t<\/div>\n\t\t<\/div>\n\t\t\t\t<div class=\"elementor-column elementor-col-50 elementor-top-column elementor-element elementor-element-b8abb17\" data-id=\"b8abb17\" data-element_type=\"column\">\n\t\t\t<div class=\"elementor-widget-wrap elementor-element-populated\">\n\t\t\t\t\t\t<div class=\"elementor-element elementor-element-b68a31b elementor-widget elementor-widget-text-editor\" data-id=\"b68a31b\" data-element_type=\"widget\" data-widget_type=\"text-editor.default\">\n\t\t\t\t<div class=\"elementor-widget-container\">\n\t\t\t\t\t\t\t\t\t<p>Je suis arriv\u00e9 \u00e0 l&rsquo;astronomie gr\u00e2ce \u00e0 ma grand m\u00e8re qui m&rsquo;a appris les constellations quand j&rsquo;avais 9 ans et lorsque j&rsquo;ai vu les photographies de la galaxie des chiens de chasse et celle de la n\u00e9buleuse Trifide dans l&rsquo;encyclop\u00e9die Larousse (en noir et blanc!) ce fut une r\u00e9v\u00e9lation. Je n&rsquo;avais, d\u00e9s lors, qu&rsquo;une seule id\u00e9e en t\u00eate, faire moi m\u00eame des photographies du ciel. La passion ne m&rsquo;a plus jamais l\u00e2ch\u00e9e. Mes parents m&rsquo;ont offert mon premier t\u00e9lescope un 100\/900 Perl \u00e0 l&rsquo;occasion du grand rapprochement de plan\u00e8tes de 1981, et la premi\u00e8re fois, j&rsquo;ai mis une nuit compl\u00e8te pour pointer saturne de mon appartement!\u00a0 Autre r\u00e9v\u00e9lation l&rsquo;apparition des premi\u00e8res CCD. Un article dans Ciel &amp; Espace de 1985 ou <a href=\"http:\/\/www.astrosurf.com\/buil\/images9\/story66.jpg\">Christian Buil<\/a> d\u00e9crivait une <a href=\"http:\/\/www.astrosurf.com\/buil\/images9\/story37.jpg\">CCD ligne<\/a> connect\u00e9 avec un des premier ordinateur grand public, <a href=\"http:\/\/www.astrosurf.com\/buil\/images9\/story60.jpg\">un Apple 2e<\/a>, pour enregistrer une <a href=\"http:\/\/www.astrosurf.com\/buil\/images9\/story32.jpg\">image de la lune<\/a> en 16 couleurs est un autre choc. D\u00e8s lors, je savais que bient\u00f4t des capteurs CCD remplacerait les films kodak <a href=\"http:\/\/www.astrosurf.com\/luxorion\/hypersensibilisation.htm\">TP2415 Hypersensibilis\u00e9 \u00e0 l&rsquo;hydrazote<\/a> pour les images astronomiques, le tout en couleurs bien s\u00fbr. Puis, en 2005 c&rsquo;est l&rsquo;apparition du <a href=\"http:\/\/astrosurf.com\/thizy\/lhires3\/index.html\">kit LHIRES III<\/a>. Apr\u00e8s des \u00e9tudes de physique quantique \u00e0 l&rsquo;universit\u00e9 de Nice, \u00e9tudier la composition chimique des astres me paraissait comme quelque chose de tr\u00e8s captivant, et surtout enfin accessible par beaucoup d&rsquo;astronome amateur. Et enfin le projet UVEX pr\u00e9sent\u00e9 ici, suite \u00e0 la rencontre de Pierre et d&rsquo;Alain lors du stage OHP 2011 et enfin \u00e0 la rencontre de Jean-Luc \u00e0 l&rsquo;association du GAPRA.<\/p><p>St\u00e9phane.<\/p>\t\t\t\t\t\t\t\t<\/div>\n\t\t\t\t<\/div>\n\t\t\t\t\t<\/div>\n\t\t<\/div>\n\t\t\t\t\t<\/div>\n\t\t<\/section>\n\t\t\t\t<section class=\"elementor-section elementor-top-section elementor-element elementor-element-121d6e7 elementor-section-boxed elementor-section-height-default elementor-section-height-default\" data-id=\"121d6e7\" data-element_type=\"section\">\n\t\t\t\t\t\t<div class=\"elementor-container elementor-column-gap-default\">\n\t\t\t\t\t<div class=\"elementor-column elementor-col-50 elementor-top-column elementor-element elementor-element-86ddc18\" data-id=\"86ddc18\" data-element_type=\"column\">\n\t\t\t<div class=\"elementor-widget-wrap elementor-element-populated\">\n\t\t\t\t\t\t<div class=\"elementor-element elementor-element-bb480e4 elementor-widget elementor-widget-text-editor\" data-id=\"bb480e4\" data-element_type=\"widget\" data-widget_type=\"text-editor.default\">\n\t\t\t\t<div class=\"elementor-widget-container\">\n\t\t\t\t\t\t\t\t\t<div>L&rsquo;astronomie est pour moi une passion qui remonte tr\u00e8s loin. D\u00e9s l&rsquo;\u00e2ge de 11 ans, j&rsquo;essayais de construire&nbsp;ma premi\u00e8re lunette \u00e0 partir de lentille de vue&nbsp; r\u00e9cup\u00e9r\u00e9e inspir\u00e9&nbsp;par mon premier livre d&rsquo;astronome: \u00ab\u00a0Jean Fran\u00e7ois astronome\u00a0\u00bb. Puis ado je me suis lanc\u00e9 dans la construction d&rsquo;un&nbsp;newton&nbsp;10&Prime;. A l&rsquo;aide d&rsquo;un ami, on a m\u00eame essay\u00e9 de construire une coupole en r\u00e9sine mais le r\u00e9sultat n&rsquo;a pas \u00e9t\u00e9 concluant.&nbsp;<\/div>\n<div>&nbsp;<\/div>\n<div>Apr\u00e8s&nbsp;des \u00e9tudes d&rsquo;ing\u00e9nieur \u00e0 l&rsquo;INSA de Lyon en physique des mat\u00e9riaux&nbsp;, j&rsquo;ai travaill\u00e9 10 ans dans l&rsquo;industrie. Puis je me suis orient\u00e9 vers l&rsquo;enseignement, ou j&rsquo;enseigne actuellement les sciences physiques et l&rsquo;informatique. Mes sujets d&rsquo;int\u00e9r\u00eats&nbsp;en astronomie sont nombreux, astrophotographie, photom\u00e9trie et depuis quelques ann\u00e9es je me suis tourn\u00e9 vers la spectroscopie, technique qui offre une ouverture pour de nouvelles observations passionnantes. Depuis 4 ans, je participe avec beaucoup de satisfaction, au projet UVEX qui est une v\u00e9ritable aventure tant au niveau technique qu&rsquo;humaine.&nbsp;<\/div>\n<div>&nbsp;<\/div>\n<div>Jean-Luc.<\/div>\t\t\t\t\t\t\t\t<\/div>\n\t\t\t\t<\/div>\n\t\t\t\t\t<\/div>\n\t\t<\/div>\n\t\t\t\t<div class=\"elementor-column elementor-col-50 elementor-top-column elementor-element elementor-element-c9d36fd\" data-id=\"c9d36fd\" data-element_type=\"column\">\n\t\t\t<div class=\"elementor-widget-wrap elementor-element-populated\">\n\t\t\t\t\t\t<div class=\"elementor-element elementor-element-d34eabf elementor-widget elementor-widget-image\" data-id=\"d34eabf\" data-element_type=\"widget\" data-widget_type=\"image.default\">\n\t\t\t\t<div class=\"elementor-widget-container\">\n\t\t\t\t\t\t\t\t\t\t\t\t<figure class=\"wp-caption\">\n\t\t\t\t\t\t\t\t\t\t<img decoding=\"async\" width=\"803\" height=\"453\" src=\"https:\/\/spectro-uvex.tech\/wp-content\/uploads\/2022\/02\/Nice_people_s2-e1689608127328.jpg\" class=\"attachment-large size-large wp-image-3566\" alt=\"\" srcset=\"https:\/\/spectro-uvex.tech\/wp-content\/uploads\/2022\/02\/Nice_people_s2-e1689608127328.jpg 803w, https:\/\/spectro-uvex.tech\/wp-content\/uploads\/2022\/02\/Nice_people_s2-e1689608127328-600x338.jpg 600w, https:\/\/spectro-uvex.tech\/wp-content\/uploads\/2022\/02\/Nice_people_s2-e1689608127328-300x169.jpg 300w, https:\/\/spectro-uvex.tech\/wp-content\/uploads\/2022\/02\/Nice_people_s2-e1689608127328-768x433.jpg 768w, https:\/\/spectro-uvex.tech\/wp-content\/uploads\/2022\/02\/Nice_people_s2-e1689608127328-800x450.jpg 800w\" sizes=\"(max-width: 803px) 100vw, 803px\" \/>\t\t\t\t\t\t\t\t\t\t\t<figcaption class=\"widget-image-caption wp-caption-text\">Le Projet UVEX4 c'est le travail d'une \u00e9quipe, de gauche \u00e0 droite, Jean-Luc Martin, Alain Lopez, Pierre Dubreuil, St\u00e9phane Ubaud....<\/figcaption>\n\t\t\t\t\t\t\t\t\t\t<\/figure>\n\t\t\t\t\t\t\t\t\t<\/div>\n\t\t\t\t<\/div>\n\t\t\t\t\t<\/div>\n\t\t<\/div>\n\t\t\t\t\t<\/div>\n\t\t<\/section>\n\t\t\t\t<section class=\"elementor-section elementor-top-section elementor-element elementor-element-b595e36 elementor-section-boxed elementor-section-height-default elementor-section-height-default\" data-id=\"b595e36\" data-element_type=\"section\">\n\t\t\t\t\t\t<div class=\"elementor-container elementor-column-gap-default\">\n\t\t\t\t\t<div class=\"elementor-column elementor-col-66 elementor-top-column elementor-element elementor-element-d3b9811\" data-id=\"d3b9811\" data-element_type=\"column\">\n\t\t\t<div class=\"elementor-widget-wrap elementor-element-populated\">\n\t\t\t\t\t\t<div class=\"elementor-element elementor-element-c017c88 elementor-widget elementor-widget-image\" data-id=\"c017c88\" data-element_type=\"widget\" data-widget_type=\"image.default\">\n\t\t\t\t<div class=\"elementor-widget-container\">\n\t\t\t\t\t\t\t\t\t\t\t\t<figure class=\"wp-caption\">\n\t\t\t\t\t\t\t\t\t\t<img decoding=\"async\" width=\"800\" height=\"489\" src=\"https:\/\/spectro-uvex.tech\/wp-content\/uploads\/2023\/04\/CONCEPTEURS_R.jpg\" class=\"attachment-large size-large wp-image-9785\" alt=\"\" srcset=\"https:\/\/spectro-uvex.tech\/wp-content\/uploads\/2023\/04\/CONCEPTEURS_R.jpg 800w, https:\/\/spectro-uvex.tech\/wp-content\/uploads\/2023\/04\/CONCEPTEURS_R-600x367.jpg 600w, https:\/\/spectro-uvex.tech\/wp-content\/uploads\/2023\/04\/CONCEPTEURS_R-300x183.jpg 300w, https:\/\/spectro-uvex.tech\/wp-content\/uploads\/2023\/04\/CONCEPTEURS_R-768x469.jpg 768w\" sizes=\"(max-width: 800px) 100vw, 800px\" \/>\t\t\t\t\t\t\t\t\t\t\t<figcaption class=\"widget-image-caption wp-caption-text\">Alain et Pierre, Projet Ite-lente.<\/figcaption>\n\t\t\t\t\t\t\t\t\t\t<\/figure>\n\t\t\t\t\t\t\t\t\t<\/div>\n\t\t\t\t<\/div>\n\t\t\t\t\t<\/div>\n\t\t<\/div>\n\t\t\t\t<div class=\"elementor-column elementor-col-33 elementor-top-column elementor-element elementor-element-fb34253\" data-id=\"fb34253\" data-element_type=\"column\">\n\t\t\t<div class=\"elementor-widget-wrap elementor-element-populated\">\n\t\t\t\t\t\t<div class=\"elementor-element elementor-element-b5a1d25 elementor-widget elementor-widget-text-editor\" data-id=\"b5a1d25\" data-element_type=\"widget\" data-widget_type=\"text-editor.default\">\n\t\t\t\t<div class=\"elementor-widget-container\">\n\t\t\t\t\t\t\t\t\t<p>Je suis Pierre des Nice People !<\/p><p>Pierrot la Lune me va bien aussi : alors que j&rsquo;\u00e9tais \u00e9l\u00e8ve au lyc\u00e9e Les Eucalyptus \u00e0 Nice, avec mon copain G\u00e9rard T., je la contemplais et nous la photographions r\u00e9guli\u00e8rement, d\u00e9veloppant nous-m\u00eames les photos argentiques au fond de sa baignoire. Le monde scientifique m&rsquo;a toujours int\u00e9ress\u00e9. Mes \u00e9tudes techniques, de m\u00e9canique, d&rsquo;\u00e9lectronique et d&rsquo;informatique m&rsquo;ont bien servi dans ma passion de l&rsquo;astronomie.<\/p><p>Voici en quelques mots, mon parcours d&rsquo;astronome amateur.<\/p><p>Tout a d\u00e9but\u00e9 lorsque j&rsquo;ai connu Le Plan\u00e9tarium du coll\u00e8ge Val\u00e9ri : c&rsquo;\u00e9tait en 1996. Mon fils Florent, n\u00e9 en 1982, s&rsquo;\u00e9tant passionn\u00e9 tr\u00e8s t\u00f4t pour l&rsquo;astronomie, je l&rsquo;avais inscrit dans cette association. Habitant sur une colline ni\u00e7oise, je l&rsquo;accompagnais chaque semaine et nous suivions avec assiduit\u00e9 les cours de Bernard Millet, un astronome ni\u00e7ois de renom&#8230; Un jour Alain est arriv\u00e9 dans cette association et cela a \u00e9t\u00e9 le d\u00e9but d&rsquo;une belle amiti\u00e9, d&rsquo;une grande complicit\u00e9. Avec lui ou seul, parfois en famille, j&rsquo;ai particip\u00e9 \u00e0 des stages, \u00e0 des stars parties, \u00e0 des missions pro-am, au pic du Midi, \u00e0 Saint-V\u00e9ran, \u00e0 T\u00e9n\u00e9rife, \u00e0 Calern, \u00e0 l&rsquo;OHP&#8230; Chaque fois, c&rsquo;\u00e9tait l&rsquo;occasion de nouvelles rencontres enrichissantes ! Impossible de nommer tous ceux qui ont laiss\u00e9 une empreinte ind\u00e9l\u00e9bile lors de ces moments de partages astronomiques. Je tiens \u00e0 citer Patrick Chevalley qui, il y a plus de quinze ans, avait contribu\u00e9 \u00e0 la r\u00e9ussite d&rsquo;un projet qu&rsquo;Alain et moi portions : faire un GOTO relatif et un autoguidage avec son logiciel \u00ab\u00a0Carte du ciel\u00a0\u00bb. Patrick Chevalley avait \u00e9t\u00e9 d&rsquo;une grande aide (naissance d&rsquo;Ite lente) <a href=\"http:\/\/www.astrosurf.com\/ite-lente\/\">http:\/\/www.astrosurf.com\/ite-lente\/<\/a> et il l&rsquo;est aujourd&rsquo;hui encore. Christian Buil fait partie aussi des mentors qui m&rsquo;ont permis d&rsquo;avancer.<\/p><p>Comme chacun sait, les Nice People sont au nombre de quatre : Jean-Luc et St\u00e9phane se sont joints \u00e0 Alain et moi, pour le meilleur et pour le meilleur : c&rsquo;est-\u00e0-dire l&rsquo;UVEX 4. En m&rsquo;appuyant sur une id\u00e9e de Christian Buil qui avait entrepris le calcul d&rsquo;un spectrographe, j&rsquo;ai eu l&rsquo;id\u00e9e de concr\u00e9tiser son projet \u00e0 l&rsquo;aide de l&rsquo;impression 3D. Alain, Jean-Luc, St\u00e9phane et moi nous sommes lanc\u00e9s \u00e0 corps perdu dans cette aventure !<\/p><p>Pierre<\/p>\t\t\t\t\t\t\t\t<\/div>\n\t\t\t\t<\/div>\n\t\t\t\t\t<\/div>\n\t\t<\/div>\n\t\t\t\t\t<\/div>\n\t\t<\/section>\n\t\t\t\t<\/div>\n\t\t","protected":false},"excerpt":{"rendered":"<p>\u00ab\u00a0je suis passionn\u00e9 d&rsquo;astronomie depuis l&rsquo;\u00e2ge de 10 ans environ, et je vais r\u00e9sumer ma \u00ab\u00a0vie\u00a0\u00bb de 65 ans pour l&rsquo;instant&#8230;. dans ces quelques phrases. Je m&rsquo;appelle Alain Lopez , depuis quelques ann\u00e9es \u00e0 la retraite (bien m\u00e9rit\u00e9e) je fais partie du groupe les Nice People (petite \u00e9quipe de copains de la r\u00e9gion de Nice-France). [&hellip;]<\/p>\n","protected":false},"author":4,"featured_media":8978,"comment_status":"open","ping_status":"open","sticky":false,"template":"","format":"standard","meta":{"ocean_post_layout":"","ocean_both_sidebars_style":"","ocean_both_sidebars_content_width":0,"ocean_both_sidebars_sidebars_width":0,"ocean_sidebar":"","ocean_second_sidebar":"","ocean_disable_margins":"enable","ocean_add_body_class":"","ocean_shortcode_before_top_bar":"","ocean_shortcode_after_top_bar":"","ocean_shortcode_before_header":"","ocean_shortcode_after_header":"","ocean_has_shortcode":"","ocean_shortcode_after_title":"","ocean_shortcode_before_footer_widgets":"","ocean_shortcode_after_footer_widgets":"","ocean_shortcode_before_footer_bottom":"","ocean_shortcode_after_footer_bottom":"","ocean_display_top_bar":"default","ocean_display_header":"default","ocean_header_style":"","ocean_center_header_left_menu":"","ocean_custom_header_template":"","ocean_custom_logo":0,"ocean_custom_retina_logo":0,"ocean_custom_logo_max_width":0,"ocean_custom_logo_tablet_max_width":0,"ocean_custom_logo_mobile_max_width":0,"ocean_custom_logo_max_height":0,"ocean_custom_logo_tablet_max_height":0,"ocean_custom_logo_mobile_max_height":0,"ocean_header_custom_menu":"","ocean_menu_typo_font_family":"","ocean_menu_typo_font_subset":"","ocean_menu_typo_font_size":0,"ocean_menu_typo_font_size_tablet":0,"ocean_menu_typo_font_size_mobile":0,"ocean_menu_typo_font_size_unit":"px","ocean_menu_typo_font_weight":"","ocean_menu_typo_font_weight_tablet":"","ocean_menu_typo_font_weight_mobile":"","ocean_menu_typo_transform":"","ocean_menu_typo_transform_tablet":"","ocean_menu_typo_transform_mobile":"","ocean_menu_typo_line_height":0,"ocean_menu_typo_line_height_tablet":0,"ocean_menu_typo_line_height_mobile":0,"ocean_menu_typo_line_height_unit":"","ocean_menu_typo_spacing":0,"ocean_menu_typo_spacing_tablet":0,"ocean_menu_typo_spacing_mobile":0,"ocean_menu_typo_spacing_unit":"","ocean_menu_link_color":"","ocean_menu_link_color_hover":"","ocean_menu_link_color_active":"","ocean_menu_link_background":"","ocean_menu_link_hover_background":"","ocean_menu_link_active_background":"","ocean_menu_social_links_bg":"","ocean_menu_social_hover_links_bg":"","ocean_menu_social_links_color":"","ocean_menu_social_hover_links_color":"","ocean_disable_title":"default","ocean_disable_heading":"default","ocean_post_title":"","ocean_post_subheading":"","ocean_post_title_style":"","ocean_post_title_background_color":"","ocean_post_title_background":0,"ocean_post_title_bg_image_position":"","ocean_post_title_bg_image_attachment":"","ocean_post_title_bg_image_repeat":"","ocean_post_title_bg_image_size":"","ocean_post_title_height":0,"ocean_post_title_bg_overlay":0.5,"ocean_post_title_bg_overlay_color":"","ocean_disable_breadcrumbs":"default","ocean_breadcrumbs_color":"","ocean_breadcrumbs_separator_color":"","ocean_breadcrumbs_links_color":"","ocean_breadcrumbs_links_hover_color":"","ocean_display_footer_widgets":"default","ocean_display_footer_bottom":"default","ocean_custom_footer_template":"","_jetpack_memberships_contains_paid_content":false,"ocean_post_oembed":"","ocean_post_self_hosted_media":"","ocean_post_video_embed":"","ocean_link_format":"","ocean_link_format_target":"self","ocean_quote_format":"","ocean_quote_format_link":"post","ocean_gallery_link_images":"on","ocean_gallery_id":[],"footnotes":""},"categories":[149],"tags":[],"class_list":["post-9184","post","type-post","status-publish","format-standard","has-post-thumbnail","hentry","category-mise-en-avant","entry","has-media","owp-thumbs-layout-horizontal","owp-btn-normal","owp-tabs-layout-horizontal","has-no-thumbnails","has-product-nav"],"jetpack_featured_media_url":"https:\/\/spectro-uvex.tech\/wp-content\/uploads\/2023\/03\/IMG_20221113_113411_resized_20221115_100516894-e1688888375785.jpg","jetpack_sharing_enabled":true,"_links":{"self":[{"href":"https:\/\/spectro-uvex.tech\/index.php?rest_route=\/wp\/v2\/posts\/9184","targetHints":{"allow":["GET"]}}],"collection":[{"href":"https:\/\/spectro-uvex.tech\/index.php?rest_route=\/wp\/v2\/posts"}],"about":[{"href":"https:\/\/spectro-uvex.tech\/index.php?rest_route=\/wp\/v2\/types\/post"}],"author":[{"embeddable":true,"href":"https:\/\/spectro-uvex.tech\/index.php?rest_route=\/wp\/v2\/users\/4"}],"replies":[{"embeddable":true,"href":"https:\/\/spectro-uvex.tech\/index.php?rest_route=%2Fwp%2Fv2%2Fcomments&post=9184"}],"version-history":[{"count":74,"href":"https:\/\/spectro-uvex.tech\/index.php?rest_route=\/wp\/v2\/posts\/9184\/revisions"}],"predecessor-version":[{"id":9845,"href":"https:\/\/spectro-uvex.tech\/index.php?rest_route=\/wp\/v2\/posts\/9184\/revisions\/9845"}],"wp:featuredmedia":[{"embeddable":true,"href":"https:\/\/spectro-uvex.tech\/index.php?rest_route=\/wp\/v2\/media\/8978"}],"wp:attachment":[{"href":"https:\/\/spectro-uvex.tech\/index.php?rest_route=%2Fwp%2Fv2%2Fmedia&parent=9184"}],"wp:term":[{"taxonomy":"category","embeddable":true,"href":"https:\/\/spectro-uvex.tech\/index.php?rest_route=%2Fwp%2Fv2%2Fcategories&post=9184"},{"taxonomy":"post_tag","embeddable":true,"href":"https:\/\/spectro-uvex.tech\/index.php?rest_route=%2Fwp%2Fv2%2Ftags&post=9184"}],"curies":[{"name":"wp","href":"https:\/\/api.w.org\/{rel}","templated":true}]}}